{"id":553,"date":"2014-09-05T17:56:36","date_gmt":"2014-09-05T16:56:36","guid":{"rendered":"http:\/\/bergkumpels.de\/?p=553"},"modified":"2014-10-05T13:32:27","modified_gmt":"2014-10-05T12:32:27","slug":"huettentour-2014","status":"publish","type":"post","link":"https:\/\/bergkumpels.de\/?p=553","title":{"rendered":"H\u00fcttentour 2014"},"content":{"rendered":"<p>Es war dieses Jahr ein schwieriger Geburt. Unsere zwei gro\u00dfe Bergkumpel-Jungs haben ihr Abi bestanden (super leistung &#8211; gratuliere!) und waren jetzt gespannt wie es weiter gehen w\u00fcrde (Max wird in Dresden studieren, Maximilian in Konstanz. Auch da &#8211; gratuliere!). So war es schwierig ein Zeitpunkt festzulegen wann der Tour losgehen sollte.<\/p>\n<p>Irgendwie hatten wir \u00fcberlegt in den Dolomiten und auch en bisschen l\u00e4nger zu gehen, aber da kam die Arbeit dazwischen. Kurzerhand haben wir uns dann doch auf ein paar Tage festgelegt und ein neues Ziel gesucht.<\/p>\n<p><img loading=\"lazy\" class=\"size-full wp-image-729 aligncenter\" src=\"http:\/\/bergkumpels.de\/wp-content\/uploads\/2014\/09\/huettentour_2014_polaroid.png\" alt=\"huettentour_2014_polaroid\" width=\"350\" height=\"450\" srcset=\"https:\/\/bergkumpels.de\/wp-content\/uploads\/2014\/09\/huettentour_2014_polaroid.png 350w, https:\/\/bergkumpels.de\/wp-content\/uploads\/2014\/09\/huettentour_2014_polaroid-233x300.png 233w\" sizes=\"(max-width: 350px) 100vw, 350px\" \/><\/p>\n<p>Aus ein leichte Tour am Alpenrand w\u00fcrde dann doch ein (halbwegs) anspruchsvoller Tour mit viel Auf und Ab. \u00dcberwiegend nette H\u00fctten wo wir uns wohl gef\u00fchlt haben.<\/p>\n<p>Nur das Wetter: Von f\u00fcnf Tage gab es an drei Nebel und Regen\u2026<\/p>\n","protected":false},"excerpt":{"rendered":"<p>Es war dieses Jahr ein schwieriger Geburt. Unsere zwei gro\u00dfe Bergkumpel-Jungs haben ihr Abi bestanden (super leistung &#8211; gratuliere!) und waren jetzt gespannt wie es weiter gehen w\u00fcrde (Max wird in Dresden studieren, Maximilian in Konstanz. Auch da &#8211; gratuliere!). &hellip; <a href=\"https:\/\/bergkumpels.de\/?p=553\">Weiterlesen <span class=\"meta-nav\">&rarr;<\/span><\/a><\/p>\n","protected":false},"author":1,"featured_media":0,"comment_status":"open","ping_status":"open","sticky":false,"template":"","format":"standard","meta":[],"categories":[95,3],"tags":[96,97,29],"_links":{"self":[{"href":"https:\/\/bergkumpels.de\/index.php?rest_route=\/wp\/v2\/posts\/553"}],"collection":[{"href":"https:\/\/bergkumpels.de\/index.php?rest_route=\/wp\/v2\/posts"}],"about":[{"href":"https:\/\/bergkumpels.de\/index.php?rest_route=\/wp\/v2\/types\/post"}],"author":[{"embeddable":true,"href":"https:\/\/bergkumpels.de\/index.php?rest_route=\/wp\/v2\/users\/1"}],"replies":[{"embeddable":true,"href":"https:\/\/bergkumpels.de\/index.php?rest_route=%2Fwp%2Fv2%2Fcomments&post=553"}],"version-history":[{"count":6,"href":"https:\/\/bergkumpels.de\/index.php?rest_route=\/wp\/v2\/posts\/553\/revisions"}],"predecessor-version":[{"id":731,"href":"https:\/\/bergkumpels.de\/index.php?rest_route=\/wp\/v2\/posts\/553\/revisions\/731"}],"wp:attachment":[{"href":"https:\/\/bergkumpels.de\/index.php?rest_route=%2Fwp%2Fv2%2Fmedia&parent=553"}],"wp:term":[{"taxonomy":"category","embeddable":true,"href":"https:\/\/bergkumpels.de\/index.php?rest_route=%2Fwp%2Fv2%2Fcategories&post=553"},{"taxonomy":"post_tag","embeddable":true,"href":"https:\/\/bergkumpels.de\/index.php?rest_route=%2Fwp%2Fv2%2Ftags&post=553"}],"curies":[{"name":"wp","href":"https:\/\/api.w.org\/{rel}","templated":true}]}}